{"id":1215,"date":"2014-07-11T12:49:26","date_gmt":"2014-07-11T10:49:26","guid":{"rendered":"http:\/\/mozdzer.akarso.netrax.pl\/?p=1215"},"modified":"2015-01-22T17:35:19","modified_gmt":"2015-01-22T16:35:19","slug":"leszek-mozdzer-at-montreux-jazz-festival-2014-2","status":"publish","type":"post","link":"https:\/\/mozdzer.com\/pl\/leszek-mozdzer-at-montreux-jazz-festival-2014-2\/","title":{"rendered":"Leszek Mo\u017cd\u017cer na Montreux Jazz Festival 2014"},"content":{"rendered":"<p>Leszek Mo\u017cd\u017cer z programem Prokofieva na Montreux Jazz Festival\u00a02014<\/p>\n<p>Dowiedz si\u0119 wi\u0119cej:\u00a0<span style=\"text-decoration: underline;\"><a href=\"http:\/\/www.montreuxjazzfestival.com\/fr\/artist\/leszek-mozdzer\" target=\"_blank\">Montreux Jazz Festival\u00a0 2014<\/a><\/span><\/p>\n","protected":false},"excerpt":{"rendered":"<p>Leszek Mo\u017cd\u017cer z programem Prokofieva na Montreux Jazz Festival\u00a02014 Dowiedz si\u0119 wi\u0119cej:\u00a0Montreux Jazz Festival\u00a0 2014<\/p>\n","protected":false},"author":1,"featured_media":901,"comment_status":"open","ping_status":"open","sticky":false,"template":"","format":"standard","meta":[],"categories":[1],"tags":[20,1731],"_links":{"self":[{"href":"https:\/\/mozdzer.com\/pl\/wp-json\/wp\/v2\/posts\/1215"}],"collection":[{"href":"https:\/\/mozdzer.com\/pl\/wp-json\/wp\/v2\/posts"}],"about":[{"href":"https:\/\/mozdzer.com\/pl\/wp-json\/wp\/v2\/types\/post"}],"author":[{"embeddable":true,"href":"https:\/\/mozdzer.com\/pl\/wp-json\/wp\/v2\/users\/1"}],"replies":[{"embeddable":true,"href":"https:\/\/mozdzer.com\/pl\/wp-json\/wp\/v2\/comments?post=1215"}],"version-history":[{"count":7,"href":"https:\/\/mozdzer.com\/pl\/wp-json\/wp\/v2\/posts\/1215\/revisions"}],"predecessor-version":[{"id":2963,"href":"https:\/\/mozdzer.com\/pl\/wp-json\/wp\/v2\/posts\/1215\/revisions\/2963"}],"wp:featuredmedia":[{"embeddable":true,"href":"https:\/\/mozdzer.com\/pl\/wp-json\/wp\/v2\/media\/901"}],"wp:attachment":[{"href":"https:\/\/mozdzer.com\/pl\/wp-json\/wp\/v2\/media?parent=1215"}],"wp:term":[{"taxonomy":"category","embeddable":true,"href":"https:\/\/mozdzer.com\/pl\/wp-json\/wp\/v2\/categories?post=1215"},{"taxonomy":"post_tag","embeddable":true,"href":"https:\/\/mozdzer.com\/pl\/wp-json\/wp\/v2\/tags?post=1215"}],"curies":[{"name":"wp","href":"https:\/\/api.w.org\/{rel}","templated":true}]}}