{"id":1717,"date":"2012-10-28T17:51:28","date_gmt":"2012-10-28T16:51:28","guid":{"rendered":"http:\/\/mozdzer.akarso.netrax.pl\/?p=1717"},"modified":"2015-03-11T12:55:29","modified_gmt":"2015-03-11T11:55:29","slug":"norris-l-mozdzer-the-last-set","status":"publish","type":"post","link":"https:\/\/mozdzer.com\/pl\/norris-l-mozdzer-the-last-set\/","title":{"rendered":"W. Norris &#038; L. Mo\u017cd\u017cer &#8222;The Last Set&#8221;"},"content":{"rendered":"<p lang=\"en-US\"><span style=\"color: #000000;\"><span style=\"font-family: Calibri, serif;\"><span style=\"color: #00000a;\"><span style=\"font-family: Arial, serif;\"><span lang=\"pl-PL\">P\u0142yta \u201eThe Last Set\u201d live at A-Trane to pr\u00f3ba Leszka Mo\u017cd\u017cera zwr\u00f3cenia uwagi na Waltera Norrisa \u00a0fenomenalnego ameryka\u0144skiego pianist\u0119, kt\u00f3ry przez ca\u0142e \u017cycie ukrywa\u0142 si\u0119 przed \u015bwiat\u0142em reflektor\u00f3w.<\/span><\/span><\/span><\/span><\/span><\/p>\n<p lang=\"en-US\"><span style=\"color: #000000;\"><span style=\"font-family: Calibri, serif;\"><span style=\"color: #00000a;\"><span style=\"font-family: Arial, serif;\"><span lang=\"pl-PL\">Walter Norris\u00a0&#8211; ameryka\u0144ski pianista, ur. 27 XII 1931 r. w Little Rock, Arkansas, USA \/ zm. 29 X 2011 r. w swoim domu w Berlinie. Zaliczany do najwybitniejszych lecz pozostaj\u0105cych w cieniu, tw\u00f3rc\u00f3w muzyki jazzowej. Ka\u017cdy kto mia\u0142 mo\u017cliwo\u015b\u0107 zobaczy\u0107 Waltera Norrisa na \u017cywo, nie ma \u017cadnych w\u0105tpliwo\u015bci, \u017ce ogl\u0105da\u0142 prawdziwego mistrza. Norris gra\u0142 z: Stanem Getzem, Dexterem Gordonem, Jonnym Griffinem, Herbem Gellerem, Charlesem Mingusem, Ornettem Colemanem oraz\u00a0The Thad Jones\/Mel Lewis Orchestra. Norrisa, Colemana i Dona Cherrego us\u0142ysze\u0107 mo\u017cna na kultowym albumie \u201eSomethingElse!!!\u201d. <\/span><\/span><\/span><\/span><\/span><\/p>\n<p lang=\"en-US\"><span style=\"color: #000000;\"><span style=\"font-family: Calibri, serif;\"><span style=\"color: #00000a;\"><span style=\"font-family: Arial, serif;\"><span lang=\"pl-PL\">Na pocz\u0105tku lat 70\u2019 przyjecha\u0142 do Europy, i tu zamieszka\u0142. W Berlinie podj\u0105\u0142 sta\u0142\u0105 wsp\u00f3\u0142prac\u0119 z SBF Radio Orchestra oraz zosta\u0142 nauczycielem gry na fortepianie na Uniwersytecie Muzycznym w Berlinie \u201cHochschule der K\u00fcnste\u201d, gdzie kontynuowa\u0142 prac\u0119 jako kompozytor i muzykolog.\u00a0Mo\u017cd\u017cer i Norris po raz pierwszy spotkali si\u0119 w Berlinie:\u00a0<\/span><\/span><\/span><\/span><\/span><\/p>\n<p lang=\"en-US\"><span style=\"color: #000000;\"><span style=\"font-family: Calibri, serif;\"><span style=\"color: #00000a;\"><span style=\"font-family: Arial, serif;\"><span lang=\"pl-PL\"><em>To by\u0142o w latach 80\u2019, by\u0142em nastolatkiem kiedy po raz pierwszy us\u0142ysza\u0142em go z p\u0142yty kompaktowej w mieszkaniu u kolegi w Berlinie. By\u0142em zafascynowany intensywno\u015bci\u0105 i oryginalno\u015bci\u0105 muzyki Waltera ju\u017c od pierwszej chwili. Dziesi\u0119\u0107 lat p\u00f3\u017aniej Norris pojawi\u0142 si\u0119 na moim koncercie w Instytucie Polskim w Berlinie. Poznali\u015bmy si\u0119, by\u0142em pod wielkim wra\u017ceniem jego otwarto\u015bci i \u017cyczliwo\u015bci. Regularnie utrzymywali\u015bmy ze sob\u0105 kontakt. Zawsze dawa\u0142 mi ogromne duchowe wsparcie. Ju\u017c nie pami\u0119tam kt\u00f3ry z nas wpad\u0142 na pomys\u0142, \u017ceby\u015bmy razem wyst\u0105pili<\/em>.\u00a0<\/span><\/span><\/span><\/span><\/span><\/p>\n<p lang=\"en-US\"><span style=\"color: #000000;\"><span style=\"font-family: Calibri, serif;\"><span style=\"color: #00000a;\"><span style=\"font-family: Arial, serif;\"><span lang=\"pl-PL\">Arty\u015bci rozpocz\u0119li pr\u00f3by, opracowali wsp\u00f3lny repertuar i 2 listopada 2008 roku zagrali pierwszy \u201epr\u00f3bny\u201d i jak si\u0119 p\u00f3\u017aniej okaza\u0142o ich jedyny koncert na dwa fortepiany. W s\u0142ynnym Berli\u0144skim klubie jazzowym \u201eA-Trane\u201d s\u0142ucha\u0142o ich dos\u0142ownie kilkadziesi\u0105t os\u00f3b. <\/span><\/span><\/span><\/span><\/span><\/p>\n<p lang=\"en-US\"><span style=\"color: #000000;\"><span style=\"font-family: Calibri, serif;\"><span style=\"color: #00000a;\"><span style=\"font-family: Arial, serif;\"><span lang=\"pl-PL\"><em>Ten wyst\u0119p nie by\u0142 dla mnie \u0142atwym przedsi\u0119wzi\u0119ciem ze wzgl\u0119du na nowy repertuar oraz radykalny pianistyczny j\u0119zyk partnera, ale zar\u00f3wno dla nas jak i dla publiczno\u015bci okaza\u0142 si\u0119 wyj\u0105tkowym prze\u017cyciem<\/em> wspomina Mo\u017cd\u017cer.\u00a0<\/span><\/span><\/span><\/span><\/span><\/p>\n<p lang=\"en-US\"><span style=\"color: #000000;\"><span style=\"font-family: Calibri, serif;\"><span style=\"color: #00000a;\"><span style=\"font-family: Arial, serif;\"><span lang=\"pl-PL\">W\u0142a\u015bciciel klubu w ostatnim momencie zdecydowa\u0142 si\u0119 na dokumentacyjn\u0105\u00a0 rejestracj\u0119 tego koncertu, jest to jedyne nagranie upami\u0119tniaj\u0105ce muzyczne spotkanie Waltera Norrisa i Leszka Mo\u017cd\u017cera, niestety wsp\u00f3lne plany koncertowe zosta\u0142y zablokowane przez lekarzy Norrisa, kt\u00f3rzy zabronili mu dalszych wyst\u0119p\u00f3w scenicznych twierdz\u0105c, ze s\u0105 zbyt ryzykowne dla Jego serca.\u00a0<\/span><\/span><\/span><\/span><\/span><\/p>\n<p><span style=\"text-decoration: underline;\"><a href=\"https:\/\/www.youtube.com\/watch?v=_FNfFMw8LnA&amp;feature=player_embedded\" target=\"_blank\">Wywiad z Walterem Norrisem<\/a><\/span><\/p>\n<p><span style=\"text-decoration: underline;\"><a href=\"https:\/\/www.youtube.com\/watch?v=vF1cAOjLFgA&amp;sns=fb\" target=\"_blank\">Film dokumentalny o Walterze Norrisie<\/a><\/span><\/p>\n<p>\u0179r\u00f3d\u0142o: <span style=\"text-decoration: underline;\"><a href=\"http:\/\/www.styl.pl\/relaks\/kultura\/news-mozdzer-w-holdzie-norrisowi,nId,642982\" target=\"_blank\">styl.pl<\/a><\/span><\/p>\n","protected":false},"excerpt":{"rendered":"<p>P\u0142yta \u201eThe Last Set\u201d live at A-Trane to pr\u00f3ba Leszka Mo\u017cd\u017cera zwr\u00f3cenia uwagi na Waltera Norrisa \u00a0fenomenalnego ameryka\u0144skiego pianist\u0119, kt\u00f3ry przez ca\u0142e \u017cycie ukrywa\u0142 si\u0119 przed&#8230;<\/p>\n","protected":false},"author":1,"featured_media":5436,"comment_status":"open","ping_status":"open","sticky":false,"template":"","format":"standard","meta":[],"categories":[1],"tags":[94,20,1925],"_links":{"self":[{"href":"https:\/\/mozdzer.com\/pl\/wp-json\/wp\/v2\/posts\/1717"}],"collection":[{"href":"https:\/\/mozdzer.com\/pl\/wp-json\/wp\/v2\/posts"}],"about":[{"href":"https:\/\/mozdzer.com\/pl\/wp-json\/wp\/v2\/types\/post"}],"author":[{"embeddable":true,"href":"https:\/\/mozdzer.com\/pl\/wp-json\/wp\/v2\/users\/1"}],"replies":[{"embeddable":true,"href":"https:\/\/mozdzer.com\/pl\/wp-json\/wp\/v2\/comments?post=1717"}],"version-history":[{"count":7,"href":"https:\/\/mozdzer.com\/pl\/wp-json\/wp\/v2\/posts\/1717\/revisions"}],"predecessor-version":[{"id":2984,"href":"https:\/\/mozdzer.com\/pl\/wp-json\/wp\/v2\/posts\/1717\/revisions\/2984"}],"wp:featuredmedia":[{"embeddable":true,"href":"https:\/\/mozdzer.com\/pl\/wp-json\/wp\/v2\/media\/5436"}],"wp:attachment":[{"href":"https:\/\/mozdzer.com\/pl\/wp-json\/wp\/v2\/media?parent=1717"}],"wp:term":[{"taxonomy":"category","embeddable":true,"href":"https:\/\/mozdzer.com\/pl\/wp-json\/wp\/v2\/categories?post=1717"},{"taxonomy":"post_tag","embeddable":true,"href":"https:\/\/mozdzer.com\/pl\/wp-json\/wp\/v2\/tags?post=1717"}],"curies":[{"name":"wp","href":"https:\/\/api.w.org\/{rel}","templated":true}]}}