{"id":1722,"date":"2012-07-11T17:58:54","date_gmt":"2012-07-11T15:58:54","guid":{"rendered":"http:\/\/mozdzer.akarso.netrax.pl\/?p=1722"},"modified":"2015-03-11T12:59:23","modified_gmt":"2015-03-11T11:59:23","slug":"leszek-mozdzer-montreux-jazz-festival-2012","status":"publish","type":"post","link":"https:\/\/mozdzer.com\/pl\/leszek-mozdzer-montreux-jazz-festival-2012\/","title":{"rendered":"Leszek Mo\u017cd\u017cer na Montreux Jazz Festival 2012"},"content":{"rendered":"<p>Leszek Mo\u017cd\u017cer\u00a0solo &#8222;Od Chopina do Komedy&#8221;<\/p>\n<p>Szczeg\u00f3\u0142y: <span style=\"text-decoration: underline;\"><a href=\"http:\/\/www.montreuxjazzfestival2012.com\/2012\/en\/program12\/by_artist\/L#\/artistPage\/leszek-mozdzer\/en\" target=\"_blank\">Montreux Jazz Festival\u00a0 2012<\/a><\/span><\/p>\n","protected":false},"excerpt":{"rendered":"<p>Leszek Mo\u017cd\u017cer\u00a0solo &#8222;Od Chopina do Komedy&#8221; Szczeg\u00f3\u0142y: Montreux Jazz Festival\u00a0 2012<\/p>\n","protected":false},"author":1,"featured_media":901,"comment_status":"open","ping_status":"open","sticky":false,"template":"","format":"standard","meta":[],"categories":[1],"tags":[20,1929],"_links":{"self":[{"href":"https:\/\/mozdzer.com\/pl\/wp-json\/wp\/v2\/posts\/1722"}],"collection":[{"href":"https:\/\/mozdzer.com\/pl\/wp-json\/wp\/v2\/posts"}],"about":[{"href":"https:\/\/mozdzer.com\/pl\/wp-json\/wp\/v2\/types\/post"}],"author":[{"embeddable":true,"href":"https:\/\/mozdzer.com\/pl\/wp-json\/wp\/v2\/users\/1"}],"replies":[{"embeddable":true,"href":"https:\/\/mozdzer.com\/pl\/wp-json\/wp\/v2\/comments?post=1722"}],"version-history":[{"count":5,"href":"https:\/\/mozdzer.com\/pl\/wp-json\/wp\/v2\/posts\/1722\/revisions"}],"predecessor-version":[{"id":2997,"href":"https:\/\/mozdzer.com\/pl\/wp-json\/wp\/v2\/posts\/1722\/revisions\/2997"}],"wp:featuredmedia":[{"embeddable":true,"href":"https:\/\/mozdzer.com\/pl\/wp-json\/wp\/v2\/media\/901"}],"wp:attachment":[{"href":"https:\/\/mozdzer.com\/pl\/wp-json\/wp\/v2\/media?parent=1722"}],"wp:term":[{"taxonomy":"category","embeddable":true,"href":"https:\/\/mozdzer.com\/pl\/wp-json\/wp\/v2\/categories?post=1722"},{"taxonomy":"post_tag","embeddable":true,"href":"https:\/\/mozdzer.com\/pl\/wp-json\/wp\/v2\/tags?post=1722"}],"curies":[{"name":"wp","href":"https:\/\/api.w.org\/{rel}","templated":true}]}}