{"id":1808,"date":"2011-12-04T13:29:11","date_gmt":"2011-12-04T12:29:11","guid":{"rendered":"http:\/\/mozdzer.akarso.netrax.pl\/?p=1808"},"modified":"2015-01-22T14:19:05","modified_gmt":"2015-01-22T13:19:05","slug":"leszek-mozdzer-uswietnil-20-lecie-gaudemater","status":"publish","type":"post","link":"https:\/\/mozdzer.com\/pl\/leszek-mozdzer-uswietnil-20-lecie-gaudemater\/","title":{"rendered":"Leszek Mo\u017cd\u017cer u\u015bwietni\u0142 20-lecie GaudeMater"},"content":{"rendered":"<p>Wczoraj (3 grudnia) w Miejskim Domu Kultury przy ul. \u0141ukasi\u0144skiego w Cz\u0119stochowie odby\u0142 si\u0119 koncert \u015bwiatowej s\u0142awy pianisty i kompozytora Leszka Mo\u017cd\u017cera. Mo\u017cna \u015bmia\u0142o stwierdzi\u0107, \u017ce by\u0142 to najlepszy prezent dla O\u015brodka Promocji i Kultury GaudeMater z okazji ich 20-lecia, kt\u00f3re obchodzili\u015bmy w tym roku. Wczorajszy koncert by\u0142 za to fina\u0142ow\u0105 imprez\u0105 tego jubileuszu.<\/p>\n<p>Za nim jednak wspania\u0142y koncert dla kompletu publiczno\u015bci, zagra\u0142 Mo\u017cd\u017cer, przedstawiciele w\u0142adz naszego miasta, duchowie\u0144stwa, ludzie kultury, a tak\u017ce parlamentarzy\u015bci z\u0142o\u017cyli na r\u0119ce Ma\u0142gorzaty Nowak dyrektor OPK GaudeMater kwiaty, prezenty i odczytali specjalnie przygotowane na t\u0105 okazj\u0119 \u017cyczenia i podzi\u0119kowania. Wszyscy zgodnie stwierdzili, \u017ce przez te 20 lat GaudeMater zrobi\u0142o bardzo du\u017co dla cz\u0119stochowskiej kultury i naszych mieszka\u0144c\u00f3w. \u017bycz\u0105c kolejnych udanych lat, podkre\u015blali r\u00f3wnie\u017c fakt, \u017ce tak niewielu zrobi\u0142o tak wiele, chodzi tu oczywi\u015bci o to, \u017ce zesp\u00f3\u0142 ludzi dzia\u0142aj\u0105cych w OPK sk\u0142ada si\u0119 z kilku os\u00f3b, jednak bardzo sprawnie dzia\u0142aj\u0105cych i co wa\u017cne &#8211; skutecznie. Sk\u0142adaj\u0105cych gratulacj\u0119 i \u017cyczenia by\u0142o naprawd\u0119 sporo i trzeba by\u0142o uzbroi\u0107 si\u0119 w cierpliwo\u015b\u0107 czekaj\u0105c na wyst\u0119p gwiazdy wieczoru. By\u0142o jednak warto. Przed godz. 20 przy aplauzie publiczno\u015bci przy fortepianie bowiem zasiad\u0142 Leszek Mo\u017cd\u017cer.<\/p>\n<p>Artysta r\u00f3wnie\u017c pogratulowa\u0142 o\u015brodkowi i podzi\u0119kowa\u0142 za zaproszenie na ten jubileuszowy koncert GaudeMater, kt\u00f3re jak powiedzia\u0142 jest rozpoznawalne na ca\u0142ym \u015bwiecie. Co do samego koncertu, to by\u0142 on naprawd\u0119 wspania\u0142y. Dzi\u0119ki d\u017awi\u0119kom, kt\u00f3re ten \u015bwietny pianista wydobywa\u0142 ze swojego instrumentu mo\u017cna by\u0142o przenie\u015b\u0107 si\u0119 w inny magiczny \u015bwiat. Mo\u017cd\u017cer zagra\u0142 kompozycj\u0119 ze swojego najnowszego albumu \u201eKomeda&#8221; i co warte podkre\u015blenia podczas tego wyst\u0119pu mo\u017cna by\u0142o odnie\u015b\u0107 wra\u017cenie, \u017ce na scenie s\u0105 jeszcze jakie\u015b inne instrumenty. Spowodowane by\u0142o to mistrzowskim stylem gry i wykorzystaniem do granic mo\u017cliwo\u015bci instrumentu przez artyst\u0119.<\/p>\n<p>Mo\u017cd\u017cer co jaki\u015b czas k\u0142ad\u0142 na strunach w pudle fortepianu r\u00f3\u017cne przedmioty i manipulowa\u0142 przy nich. Z pewno\u015bci\u0105 odr\u00f3\u017cnia\u0142o to jego wyst\u0119p od standardowych koncert\u00f3w pianist\u00f3w. Efekt dla ucha by\u0142 jednak mistrzowski i wida\u0107 by\u0142o, i\u017c mamy do czynienia z naprawd\u0119 wspania\u0142ym i utalentowanym muzykiem. Doceni\u0142a to r\u00f3wnie\u017c publiczno\u015b\u0107, kt\u00f3ra owacjami na stoj\u0105co dwa razy zawr\u00f3ci\u0142a artyst\u0119 na bis. &#8211; Nie \u0142adnie tak m\u0119czy\u0107 artyst\u0119 &#8211; \u017cartobliwie stwierdzi\u0142 Mo\u017cd\u017cer przy drugim bisowym wyj\u015bciu. Przyby\u0142ym s\u0142uchaczom wci\u0105\u017c by\u0142o ma\u0142o, jednak muzyk nie da\u0142 si\u0119 ju\u017c nam\u00f3wi\u0107 na kolejny utw\u00f3r i dzi\u0119kuj\u0105c za przybycie publiczno\u015bci opu\u015bci\u0142 scen\u0119.<\/p>\n<p>Podsumowuj\u0105c: urodziny GaudeMater mo\u017cna uzna\u0107 za jak najbardziej udane dla samych jubilat\u00f3w i publiczno\u015bci. \u017bycz\u0105c dalszych sukces\u00f3w ca\u0142ej ekipie OPK GaudeMater czekamy na kolejnych \u015bwietnych artyst\u00f3w, kt\u00f3rzy odwiedz\u0105 Cz\u0119stochow\u0119.<\/p>\n<p>\u0179r\u00f3d\u0142o: <span style=\"text-decoration: underline;\"><a href=\"http:\/\/wczestochowie.pl\/artykul\/5201,leszek-mozdzer--uswietnil-20-lecie-gaude-mater\" target=\"_blank\">www.wczestochowie.pl<\/a><\/span><\/p>\n","protected":false},"excerpt":{"rendered":"<p>Wczoraj (3 grudnia) w Miejskim Domu Kultury przy ul. \u0141ukasi\u0144skiego w Cz\u0119stochowie odby\u0142 si\u0119 koncert \u015bwiatowej s\u0142awy pianisty i kompozytora Leszka Mo\u017cd\u017cera. Mo\u017cna \u015bmia\u0142o stwierdzi\u0107, \u017ce&#8230;<\/p>\n","protected":false},"author":1,"featured_media":901,"comment_status":"open","ping_status":"open","sticky":false,"template":"","format":"standard","meta":[],"categories":[1],"tags":[20,149],"_links":{"self":[{"href":"https:\/\/mozdzer.com\/pl\/wp-json\/wp\/v2\/posts\/1808"}],"collection":[{"href":"https:\/\/mozdzer.com\/pl\/wp-json\/wp\/v2\/posts"}],"about":[{"href":"https:\/\/mozdzer.com\/pl\/wp-json\/wp\/v2\/types\/post"}],"author":[{"embeddable":true,"href":"https:\/\/mozdzer.com\/pl\/wp-json\/wp\/v2\/users\/1"}],"replies":[{"embeddable":true,"href":"https:\/\/mozdzer.com\/pl\/wp-json\/wp\/v2\/comments?post=1808"}],"version-history":[{"count":8,"href":"https:\/\/mozdzer.com\/pl\/wp-json\/wp\/v2\/posts\/1808\/revisions"}],"predecessor-version":[{"id":3008,"href":"https:\/\/mozdzer.com\/pl\/wp-json\/wp\/v2\/posts\/1808\/revisions\/3008"}],"wp:featuredmedia":[{"embeddable":true,"href":"https:\/\/mozdzer.com\/pl\/wp-json\/wp\/v2\/media\/901"}],"wp:attachment":[{"href":"https:\/\/mozdzer.com\/pl\/wp-json\/wp\/v2\/media?parent=1808"}],"wp:term":[{"taxonomy":"category","embeddable":true,"href":"https:\/\/mozdzer.com\/pl\/wp-json\/wp\/v2\/categories?post=1808"},{"taxonomy":"post_tag","embeddable":true,"href":"https:\/\/mozdzer.com\/pl\/wp-json\/wp\/v2\/tags?post=1808"}],"curies":[{"name":"wp","href":"https:\/\/api.w.org\/{rel}","templated":true}]}}