{"id":1812,"date":"2011-07-18T13:33:29","date_gmt":"2011-07-18T11:33:29","guid":{"rendered":"http:\/\/mozdzer.akarso.netrax.pl\/?p=1812"},"modified":"2014-12-11T13:35:26","modified_gmt":"2014-12-11T12:35:26","slug":"mozdzer-callonet-artus-jazz-festival","status":"publish","type":"post","link":"https:\/\/mozdzer.com\/pl\/mozdzer-callonet-artus-jazz-festival\/","title":{"rendered":"Mo\u017cd\u017cer i Callonet na Artus Jazz Festival"},"content":{"rendered":"<p>Leszek Mo\u017cd\u017cer oraz Warszawska Grupa CELLONET pod kierownictwem Andrzeja Bauera wyst\u0105pi w ramach Artus Jazz Festival w Toruniu w pi\u0105tek 22 lipca 2011 o godzinie 19:30.<\/p>\n","protected":false},"excerpt":{"rendered":"<p>Leszek Mo\u017cd\u017cer oraz Warszawska Grupa CELLONET pod kierownictwem Andrzeja Bauera wyst\u0105pi w ramach Artus Jazz Festival w Toruniu w pi\u0105tek 22 lipca 2011 o godzinie 19:30.<\/p>\n","protected":false},"author":1,"featured_media":901,"comment_status":"open","ping_status":"open","sticky":false,"template":"","format":"standard","meta":[],"categories":[1],"tags":[390,20],"_links":{"self":[{"href":"https:\/\/mozdzer.com\/pl\/wp-json\/wp\/v2\/posts\/1812"}],"collection":[{"href":"https:\/\/mozdzer.com\/pl\/wp-json\/wp\/v2\/posts"}],"about":[{"href":"https:\/\/mozdzer.com\/pl\/wp-json\/wp\/v2\/types\/post"}],"author":[{"embeddable":true,"href":"https:\/\/mozdzer.com\/pl\/wp-json\/wp\/v2\/users\/1"}],"replies":[{"embeddable":true,"href":"https:\/\/mozdzer.com\/pl\/wp-json\/wp\/v2\/comments?post=1812"}],"version-history":[{"count":1,"href":"https:\/\/mozdzer.com\/pl\/wp-json\/wp\/v2\/posts\/1812\/revisions"}],"predecessor-version":[{"id":1813,"href":"https:\/\/mozdzer.com\/pl\/wp-json\/wp\/v2\/posts\/1812\/revisions\/1813"}],"wp:featuredmedia":[{"embeddable":true,"href":"https:\/\/mozdzer.com\/pl\/wp-json\/wp\/v2\/media\/901"}],"wp:attachment":[{"href":"https:\/\/mozdzer.com\/pl\/wp-json\/wp\/v2\/media?parent=1812"}],"wp:term":[{"taxonomy":"category","embeddable":true,"href":"https:\/\/mozdzer.com\/pl\/wp-json\/wp\/v2\/categories?post=1812"},{"taxonomy":"post_tag","embeddable":true,"href":"https:\/\/mozdzer.com\/pl\/wp-json\/wp\/v2\/tags?post=1812"}],"curies":[{"name":"wp","href":"https:\/\/api.w.org\/{rel}","templated":true}]}}