{"id":1858,"date":"2006-12-10T14:41:15","date_gmt":"2006-12-10T13:41:15","guid":{"rendered":"http:\/\/mozdzer.akarso.netrax.pl\/?p=1858"},"modified":"2015-03-11T13:18:25","modified_gmt":"2015-03-11T12:18:25","slug":"spiewajacy-fortepian","status":"publish","type":"post","link":"https:\/\/mozdzer.com\/pl\/spiewajacy-fortepian\/","title":{"rendered":"\u015apiewaj\u0105cy fortepian"},"content":{"rendered":"<p>Wsp\u00f3\u0142czesny polski jazz ma twarz Leszka Mo\u017cd\u017cera. I to nie ze wzgl\u0119du na wzbudzaj\u0105ce sensacj\u0119 ekscentryczne fryzury czy fiku\u015bne oprawki okular\u00f3w pianisty. To w\u0142a\u015bnie Mo\u017cd\u017cer sprowadzaj\u0105c pod strzechy \u00f3w rodzimy jazz, spopularyzowa\u0142 go. I chocia\u017c jego muzyce nie mo\u017cna przyklei\u0107 modnej etykietki smooth, to i tak s\u0142ucha si\u0119 jej lekko, mi\u0142o i przyjemnie. Bo Mo\u017cd\u017cer ma talent do \u0142\u0105czenia wysublimowanej tre\u015bci z wpadaj\u0105c\u0105 w ucho form\u0105. Szczyt tej umiej\u0119tno\u015bci osi\u0105gn\u0105\u0142 w triu z Larsem Danielssonem i Zoharem Fresco.<\/p>\n<p>Ju\u017c poprzedni album stworzony wsp\u00f3lnie ze szwedzkim kontrabasist\u0105-wiolonczelist\u0105 i \u015bpiewaj\u0105cym izraelskim perkusist\u0105 wysoko ustawi\u0142 poprzeczk\u0119 &#8211; zdoby\u0142 podw\u00f3jn\u0105 Platynow\u0105 P\u0142yt\u0119. &#8222;Betweenus and the light&#8221; odniesie jeszcze wi\u0119kszy sukces. To album nastrojowy, subtelny, ale wyrazisty. Brzmi klasycznie, bez udziwnie\u0144 i zb\u0119dnych kombinacji. Wszystkie utwory tworz\u0105 sp\u00f3jn\u0105 ca\u0142o\u015b\u0107.<\/p>\n<p>Trio Mo\u017cd\u017cer\/Danielsson\/Fresco serwuje finezyjn\u0105 d\u017awi\u0119kow\u0105 uczt\u0119 doprawion\u0105 orientalnymi za\u015bpiewami. Album potwierdza, \u017ce Mo\u017cd\u017cer, mimo jego ostatnich skok\u00f3w w bok i eksperyment\u00f3w z muzyk\u0105 estradow\u0105, wypada najlepiej jako pianista jazzowy. Zadowoli ka\u017cdego, poza fanatycznymi purystami.<\/p>\n<p>\u0179r\u00f3d\u0142o: <span style=\"text-decoration: underline;\"><a href=\"http:\/\/www.wprost.pl\/ar\/99684\/Recenzor\/ \" target=\"_blank\">Iga Nyc, Wprost 49\/2006<\/a><\/span><\/p>\n","protected":false},"excerpt":{"rendered":"<p>Wsp\u00f3\u0142czesny polski jazz ma twarz Leszka Mo\u017cd\u017cera. I to nie ze wzgl\u0119du na wzbudzaj\u0105ce sensacj\u0119 ekscentryczne fryzury czy fiku\u015bne oprawki okular\u00f3w pianisty. To w\u0142a\u015bnie Mo\u017cd\u017cer sprowadzaj\u0105c&#8230;<\/p>\n","protected":false},"author":1,"featured_media":5438,"comment_status":"open","ping_status":"open","sticky":false,"template":"","format":"standard","meta":[],"categories":[1],"tags":[1942,1943,20,149,12,76],"_links":{"self":[{"href":"https:\/\/mozdzer.com\/pl\/wp-json\/wp\/v2\/posts\/1858"}],"collection":[{"href":"https:\/\/mozdzer.com\/pl\/wp-json\/wp\/v2\/posts"}],"about":[{"href":"https:\/\/mozdzer.com\/pl\/wp-json\/wp\/v2\/types\/post"}],"author":[{"embeddable":true,"href":"https:\/\/mozdzer.com\/pl\/wp-json\/wp\/v2\/users\/1"}],"replies":[{"embeddable":true,"href":"https:\/\/mozdzer.com\/pl\/wp-json\/wp\/v2\/comments?post=1858"}],"version-history":[{"count":4,"href":"https:\/\/mozdzer.com\/pl\/wp-json\/wp\/v2\/posts\/1858\/revisions"}],"predecessor-version":[{"id":3031,"href":"https:\/\/mozdzer.com\/pl\/wp-json\/wp\/v2\/posts\/1858\/revisions\/3031"}],"wp:featuredmedia":[{"embeddable":true,"href":"https:\/\/mozdzer.com\/pl\/wp-json\/wp\/v2\/media\/5438"}],"wp:attachment":[{"href":"https:\/\/mozdzer.com\/pl\/wp-json\/wp\/v2\/media?parent=1858"}],"wp:term":[{"taxonomy":"category","embeddable":true,"href":"https:\/\/mozdzer.com\/pl\/wp-json\/wp\/v2\/categories?post=1858"},{"taxonomy":"post_tag","embeddable":true,"href":"https:\/\/mozdzer.com\/pl\/wp-json\/wp\/v2\/tags?post=1858"}],"curies":[{"name":"wp","href":"https:\/\/api.w.org\/{rel}","templated":true}]}}