{"id":5760,"date":"2016-05-03T15:51:03","date_gmt":"2016-05-03T13:51:03","guid":{"rendered":"http:\/\/nowa.mozdzer.com\/?p=5760"},"modified":"2016-06-09T22:37:19","modified_gmt":"2016-06-09T20:37:19","slug":"jazz-nad-odra-2016-2","status":"publish","type":"post","link":"https:\/\/mozdzer.com\/pl\/jazz-nad-odra-2016-2\/","title":{"rendered":"Jazz nad Odr\u0105 2016"},"content":{"rendered":"<p>26.04|Vehemence Quartet feat. Leszek Mo\u017cd\u017cer<br \/>\nCzw\u00f3rka m\u0142odych i piekielnie zdolnych muzyk\u00f3w\u00a0 ma wszelkie atrybuty, aby w\u00a0niedalekiej przysz\u0142o\u015bci sta\u0107 si\u0119 czo\u0142owymi postaciami krajowej sceny jazzowej.\u00a0 Spo\u015br\u00f3d 8 zespo\u0142\u00f3w jury 51 Jazzu nad Odr\u0105 pod przewodnictwem Lee Konitza przyzna\u0142oVehemence Quartet\u00a0Grand Prix podkre\u015blaj\u0105c\u015bwietne brzmienie, wsp\u00f3\u0142prac\u0119 frontman\u00f3w przy solidnym fundamencie sekcji rytmicznej. \u00a0Zesp\u00f3\u0142 zgodnie ze sw\u0105 nazw\u0105 oznaczaj\u0105c\u0105 \u201egwa\u0142towno\u015b\u0107\u201d\u00a0 atakuje publiczno\u015b\u0107 z niespotykan\u0105 furi\u0105, pasj\u0105 i precyzj\u0105.\u00a0 Kwartet \u00a0tworz\u0105 muzycy m\u0142odego pokolenia, a ich talenty improwizatorskie dostrzegli zapraszaj\u0105c do wsp\u00f3\u0142pracy, tacy koryfeusze jazzu, jak: Randy Brecker, Eddie Henderson, Janusz Muniak, Piotr Wojtasik. Ka\u017cdy z muzyk\u00f3w by\u0142 ju\u017c nagradzany na mi\u0119dzynarodowych konkursach:\u00a0Mateusz \u015aliwana Jazz Hoeilaart w Belgii,\u00a0Alan Wykpisz\u00a0na BassCopenhagen 2012, a\u00a0Wojciech Lichta\u0144ski\u00a0i Szymon Madej s\u0105 laureatami Grand Prix Bielskiej Zadymki. W zesz\u0142ym roku, nak\u0142adem wytw\u00f3rni ForTune ukaza\u0142 si\u0119 ich debiutancki album\u00a0Anomalia<\/p>\n<p>Na inauguracyjnym koncercie festiwalu go\u015bciem specjalnym zespo\u0142u b\u0119dzie\u00a0Leszek Mo\u017cd\u017cer.<br \/>\n30.04 | Tomasz Sta\u0144ko \/Newelectronic feat. Leszek Mo\u017cd\u017cer<br \/>\nTomasz Sta\u0144ko<br \/>\nLeszek Mo\u017cd\u017cer<br \/>\nZohar Fresco<br \/>\nVitold Rek<br \/>\nTadeusz Sudnik<\/p>\n","protected":false},"excerpt":{"rendered":"<p>26.04|Vehemence Quartet feat. Leszek Mo\u017cd\u017cer Czw\u00f3rka m\u0142odych i piekielnie zdolnych muzyk\u00f3w\u00a0 ma wszelkie atrybuty, aby w\u00a0niedalekiej przysz\u0142o\u015bci sta\u0107 si\u0119 czo\u0142owymi postaciami krajowej sceny jazzowej.\u00a0 Spo\u015br\u00f3d 8&#8230;<\/p>\n","protected":false},"author":1,"featured_media":5754,"comment_status":"open","ping_status":"open","sticky":false,"template":"","format":"standard","meta":[],"categories":[1],"tags":[],"_links":{"self":[{"href":"https:\/\/mozdzer.com\/pl\/wp-json\/wp\/v2\/posts\/5760"}],"collection":[{"href":"https:\/\/mozdzer.com\/pl\/wp-json\/wp\/v2\/posts"}],"about":[{"href":"https:\/\/mozdzer.com\/pl\/wp-json\/wp\/v2\/types\/post"}],"author":[{"embeddable":true,"href":"https:\/\/mozdzer.com\/pl\/wp-json\/wp\/v2\/users\/1"}],"replies":[{"embeddable":true,"href":"https:\/\/mozdzer.com\/pl\/wp-json\/wp\/v2\/comments?post=5760"}],"version-history":[{"count":1,"href":"https:\/\/mozdzer.com\/pl\/wp-json\/wp\/v2\/posts\/5760\/revisions"}],"predecessor-version":[{"id":5761,"href":"https:\/\/mozdzer.com\/pl\/wp-json\/wp\/v2\/posts\/5760\/revisions\/5761"}],"wp:featuredmedia":[{"embeddable":true,"href":"https:\/\/mozdzer.com\/pl\/wp-json\/wp\/v2\/media\/5754"}],"wp:attachment":[{"href":"https:\/\/mozdzer.com\/pl\/wp-json\/wp\/v2\/media?parent=5760"}],"wp:term":[{"taxonomy":"category","embeddable":true,"href":"https:\/\/mozdzer.com\/pl\/wp-json\/wp\/v2\/categories?post=5760"},{"taxonomy":"post_tag","embeddable":true,"href":"https:\/\/mozdzer.com\/pl\/wp-json\/wp\/v2\/tags?post=5760"}],"curies":[{"name":"wp","href":"https:\/\/api.w.org\/{rel}","templated":true}]}}