{"id":7027,"date":"2018-05-17T14:22:12","date_gmt":"2018-05-17T12:22:12","guid":{"rendered":"https:\/\/mozdzer.com\/?p=7027\/"},"modified":"2018-05-17T14:28:41","modified_gmt":"2018-05-17T12:28:41","slug":"enter-enea-festival-2018","status":"publish","type":"post","link":"https:\/\/mozdzer.com\/pl\/enter-enea-festival-2018\/","title":{"rendered":"ENTER ENEA FESTIVAL 2018"},"content":{"rendered":"<h2>Program<\/h2>\n<h3>Monday \/ 28.05<\/h3>\n<dl>\n<dt>8:00 PM<\/dt>\n<dd><strong>Guzik z teorii widzenia \u2013 Zbigniew Sa\u0142aj<\/strong><\/p>\n<p><strong>T\u0119\u017cnia Sztuki \u2013 Robert Ku\u015bmirowski<\/strong><\/p>\n<p>(Wernisa\u017c w\u00a0<a href=\"http:\/\/www.abcgallery.pl\/\" target=\"_blank\" rel=\"noopener\">ABC Gallery<\/a>)<\/dd>\n<dt>9:30 PM<\/dt>\n<dd><strong>Echo Serca \u2013 Mi\u0142osz P\u0119kala \/ Bartosz Weber \/ Wiktor Podg\u00f3rski feat.\u00a0<a href=\"http:\/\/enterfestival.pl\/artysci\/#leszek-mozdzer\">Leszek Mo\u017cd\u017cer<\/a><\/strong><\/dd>\n<\/dl>\n<h3>Tuesday \/ 29.05<\/h3>\n<dl>\n<dt>7:30 PM<\/dt>\n<dd><strong>Tomasz Chy\u0142a Quintet<\/strong><\/dd>\n<dt>9:00 PM<\/dt>\n<dd><strong>First Strings on Mars<\/strong><\/dd>\n<dt>10:30 PM<\/dt>\n<dd><strong>Psalmy Dawidowe \u2013 Leszek Mo\u017cd\u017cer \/ Lars Danielsson \/ Adam Piero\u0144czyk \/ Magnus\u00a0\u00d6str\u00f6m \/ S\u0142awomir Koryzno \/ Pozna\u0144ski Ch\u00f3r Ch\u0142opi\u0119cy pod dyrekcj\u0105 Jacka Sykulskiego\u00a0<\/strong><\/dd>\n<\/dl>\n<h3>Wednesday \/ 30.05<\/h3>\n<dl>\n<dt>7:30 PM<\/dt>\n<dd><strong>Aleksiej Archipowski feat. Leszek Mo\u017cd\u017cer<br \/>\n<\/strong><\/dd>\n<dd><\/dd>\n<dd>9:00 PM<\/dd>\n<dd><strong>Maciej Obara Quartet\u00a0<\/strong><\/dd>\n<dd><\/dd>\n<dt>10:30 PM<\/dt>\n<dd><strong>Symphosphere \u2013 Tia Fuller \/ Leszek Mo\u017cd\u017cer feat. Lars Danielsson, Bodek Janke, Vojto Monteur i Orkiestra Collegium F. pod dyrekcj\u0105\u00a0Marcina Sompoli\u0144skiego\u00a0<\/strong><\/dd>\n<\/dl>\n<p>&nbsp;<\/p>\n<p>buy tickets:\u00a0<a href=\"http:\/\/enterfestival.pl\/bilety\/\">http:\/\/enterfestival.pl\/bilety\/<\/a><\/p>\n","protected":false},"excerpt":{"rendered":"<p>Program Monday \/ 28.05 8:00 PM Guzik z teorii widzenia \u2013 Zbigniew Sa\u0142aj T\u0119\u017cnia Sztuki \u2013 Robert Ku\u015bmirowski (Wernisa\u017c w\u00a0ABC Gallery) 9:30 PM Echo Serca \u2013&#8230;<\/p>\n","protected":false},"author":1,"featured_media":7028,"comment_status":"open","ping_status":"open","sticky":false,"template":"","format":"standard","meta":[],"categories":[1],"tags":[],"_links":{"self":[{"href":"https:\/\/mozdzer.com\/pl\/wp-json\/wp\/v2\/posts\/7027"}],"collection":[{"href":"https:\/\/mozdzer.com\/pl\/wp-json\/wp\/v2\/posts"}],"about":[{"href":"https:\/\/mozdzer.com\/pl\/wp-json\/wp\/v2\/types\/post"}],"author":[{"embeddable":true,"href":"https:\/\/mozdzer.com\/pl\/wp-json\/wp\/v2\/users\/1"}],"replies":[{"embeddable":true,"href":"https:\/\/mozdzer.com\/pl\/wp-json\/wp\/v2\/comments?post=7027"}],"version-history":[{"count":3,"href":"https:\/\/mozdzer.com\/pl\/wp-json\/wp\/v2\/posts\/7027\/revisions"}],"predecessor-version":[{"id":7032,"href":"https:\/\/mozdzer.com\/pl\/wp-json\/wp\/v2\/posts\/7027\/revisions\/7032"}],"wp:featuredmedia":[{"embeddable":true,"href":"https:\/\/mozdzer.com\/pl\/wp-json\/wp\/v2\/media\/7028"}],"wp:attachment":[{"href":"https:\/\/mozdzer.com\/pl\/wp-json\/wp\/v2\/media?parent=7027"}],"wp:term":[{"taxonomy":"category","embeddable":true,"href":"https:\/\/mozdzer.com\/pl\/wp-json\/wp\/v2\/categories?post=7027"},{"taxonomy":"post_tag","embeddable":true,"href":"https:\/\/mozdzer.com\/pl\/wp-json\/wp\/v2\/tags?post=7027"}],"curies":[{"name":"wp","href":"https:\/\/api.w.org\/{rel}","templated":true}]}}