{"id":7291,"date":"2018-10-20T00:18:49","date_gmt":"2018-10-19T22:18:49","guid":{"rendered":"https:\/\/mozdzer.com\/?p=7291\/"},"modified":"2018-10-20T00:20:37","modified_gmt":"2018-10-19T22:20:37","slug":"limitowana-edycja-plyty-gloria-campaner-leszek-mozdzer-live-at-enter","status":"publish","type":"post","link":"https:\/\/mozdzer.com\/pl\/limitowana-edycja-plyty-gloria-campaner-leszek-mozdzer-live-at-enter\/","title":{"rendered":"Limitowana edycja p\u0142yty Gloria Campaner \/ Leszek Mo\u017cd\u017cer &#8211; Live at Enter"},"content":{"rendered":"<p>Specjalnie na listopadow\u0105 tras\u0119 koncertow\u0105 zostanie wydany limitowany nak\u0142ad p\u0142yty pt. \u201eGloria Campaner &amp; Leszek Mo\u017cd\u017cer \/ Live at Enter\u201d z nagraniem koncertu, kt\u00f3ry odby\u0142 si\u0119 podczas Enter Enea Festival 2017.<\/p>\n<p>P\u0142yta dost\u0119pna b\u0119dzie tylko podczas koncert\u00f3w i nie trafi do og\u00f3lnej dystrybucji.<\/p>\n<p>12.11. \u2013 Gda\u0144sk, Polska Filharmonia Ba\u0142tycka<br \/>\nbilety:\u00a0<a href=\"https:\/\/tinyurl.com\/y9vplzx3\">https:\/\/tinyurl.com\/y9vplzx3<\/a><\/p>\n<p>13.11. \u2013 Krak\u00f3w, Centrum Kongresowe ICE Krak\u00f3w<br \/>\nbilety: Eventim\u00a0<a href=\"https:\/\/tinyurl.com\/y9xtbj7w\">https:\/\/tinyurl.com\/y9xtbj7w<\/a><br \/>\nKupBilet:\u00a0<a href=\"https:\/\/www.kupbilet.pl\/gloriacampanerleszekmozdzer\">https:\/\/www.kupbilet.pl\/gloriacampanerleszekmozdzer<\/a><\/p>\n<p>14.11. \u2013 Szczecin, Filharmonia im. Mieczys\u0142awa Kar\u0142owicza w Szczecinie<br \/>\nbilety:\u00a0<a href=\"https:\/\/tinyurl.com\/ybrwto79\">https:\/\/tinyurl.com\/ybrwto79<\/a><\/p>\n<p>15.11. \u2013 Toru\u0144, Centrum Kulturalno \u2013 Kongresowe Jordanki<br \/>\nbilety:\u00a0<a href=\"https:\/\/tinyurl.com\/y79tmk3h\">https:\/\/tinyurl.com\/y79tmk3h<\/a><\/p>\n<p>17.11.- Lublin, Filharmonia Lubelska<br \/>\nbilety wyprzedane<\/p>\n<p><img decoding=\"async\" loading=\"lazy\" class=\"aligncenter size-full wp-image-7295\" src=\"https:\/\/mozdzer.com\/wp-content\/uploads\/2018\/10\/front_www.jpg\" alt=\"\" width=\"300\" height=\"259\" \/><\/p>\n","protected":false},"excerpt":{"rendered":"<p>Specjalnie na listopadow\u0105 tras\u0119 koncertow\u0105 zostanie wydany limitowany nak\u0142ad p\u0142yty pt. \u201eGloria Campaner &amp; Leszek Mo\u017cd\u017cer \/ Live at Enter\u201d z nagraniem koncertu, kt\u00f3ry odby\u0142 si\u0119&#8230;<\/p>\n","protected":false},"author":1,"featured_media":7292,"comment_status":"open","ping_status":"open","sticky":false,"template":"","format":"standard","meta":[],"categories":[1],"tags":[],"_links":{"self":[{"href":"https:\/\/mozdzer.com\/pl\/wp-json\/wp\/v2\/posts\/7291"}],"collection":[{"href":"https:\/\/mozdzer.com\/pl\/wp-json\/wp\/v2\/posts"}],"about":[{"href":"https:\/\/mozdzer.com\/pl\/wp-json\/wp\/v2\/types\/post"}],"author":[{"embeddable":true,"href":"https:\/\/mozdzer.com\/pl\/wp-json\/wp\/v2\/users\/1"}],"replies":[{"embeddable":true,"href":"https:\/\/mozdzer.com\/pl\/wp-json\/wp\/v2\/comments?post=7291"}],"version-history":[{"count":3,"href":"https:\/\/mozdzer.com\/pl\/wp-json\/wp\/v2\/posts\/7291\/revisions"}],"predecessor-version":[{"id":7296,"href":"https:\/\/mozdzer.com\/pl\/wp-json\/wp\/v2\/posts\/7291\/revisions\/7296"}],"wp:featuredmedia":[{"embeddable":true,"href":"https:\/\/mozdzer.com\/pl\/wp-json\/wp\/v2\/media\/7292"}],"wp:attachment":[{"href":"https:\/\/mozdzer.com\/pl\/wp-json\/wp\/v2\/media?parent=7291"}],"wp:term":[{"taxonomy":"category","embeddable":true,"href":"https:\/\/mozdzer.com\/pl\/wp-json\/wp\/v2\/categories?post=7291"},{"taxonomy":"post_tag","embeddable":true,"href":"https:\/\/mozdzer.com\/pl\/wp-json\/wp\/v2\/tags?post=7291"}],"curies":[{"name":"wp","href":"https:\/\/api.w.org\/{rel}","templated":true}]}}