{"id":7584,"date":"2019-08-04T17:57:22","date_gmt":"2019-08-04T15:57:22","guid":{"rendered":"https:\/\/mozdzer.com\/?p=7584\/"},"modified":"2019-08-04T17:57:22","modified_gmt":"2019-08-04T15:57:22","slug":"symphosphere-leszek-mozdzer-tia-fuller-lars-danielsson-santander-orchestra-trasa-koncertowa","status":"publish","type":"post","link":"https:\/\/mozdzer.com\/pl\/symphosphere-leszek-mozdzer-tia-fuller-lars-danielsson-santander-orchestra-trasa-koncertowa\/","title":{"rendered":"SYMPHOSPHERE &#8211; Leszek Mo\u017cd\u017cer, Tia Fuller, Lars Danielsson, Santander Orchestra &#8211; trasa koncertowa"},"content":{"rendered":"<p>Leszek Mo\u017cd\u017cer, Tia Fuller i Lars Danielsson ruszaj\u0105 w tras\u0119 z projektem Symphosphere! Jesieni\u0105 us\u0142yszymy ich w Warszawie, Lublinie, Katowicach, Szczecinie i Gda\u0144sku. Artystom towarzyszy\u0107 b\u0119dzie Santander Orchestra pod dyrekcj\u0105 Marcina Sompoli\u0144skiego. Sprzeda\u017c bilet\u00f3w od 5 sierpnia. <\/p>\n<p>Leszek Mo\u017cd\u017cer nale\u017cy od lat do grona najwybitniejszych pianist\u00f3w jazzowych w Europie, ale pozostaje jednym z najciekawszych tw\u00f3rc\u00f3w, kt\u00f3rzy nieustannie poszukuj\u0105 nowych artystycznych wyzwa\u0144, eksperymentuj\u0105c i eksploruj\u0105c coraz to nowe muzyczne terytoria. Tym razem s\u0142ynny pianista we wsp\u00f3\u0142pracy z doskonale znanym ze wsp\u00f3lnych dokona\u0144 szwedzkim kontrabasist\u0105 Larsem Danielssonem postanowili po\u0142\u0105czy\u0107 si\u0142y i wraz z nominowan\u0105 do Grammy ameryka\u0144sk\u0105 saksofonistk\u0105 Ti\u0105 Fuller, perkusist\u0105 Wojciechem Buli\u0144skim, gitarzyst\u0105 Wojtkiem \u2018Monterem\u2019 Orszewskim oraz z\u0142o\u017con\u0105 z najzdolniejszych m\u0142odych instrumentalist\u00f3w Santander Orchestra, zapraszaj\u0105 do wyj\u0105tkowego muzycznego uniwersum. Symphosphere to projekt \u0142\u0105cz\u0105cy improwizacje jazzowe z bogatymi mo\u017cliwo\u015bciami orkiestry symfonicznej i elektronicznymi brzmieniami. Po\u0142\u0105czenie \u015bmia\u0142e i zaskakuj\u0105ce, a zarazem niezwykle oryginalne, bo odkrywaj\u0105ce nowe d\u017awi\u0119kowe przestrzenie z ca\u0142\u0105 palet\u0105 najr\u00f3\u017cniejszych kolor\u00f3w i odcieni.<\/p>\n<p>Bilety dost\u0119pne od poniedzia\u0142ku, 5.08.2019<\/p>\n<p>7.10.2019 \u2013 Warszawa, Teatr Wielki \u2013 Opera Narodowa<br \/>\nBilety: <a href=\"http:\/\/www.eventim.pl\">www.eventim.pl<\/a>, <a href=\"http:\/\/www.kupbilet.pl\">www.kupbilet.pl<\/a> <\/p>\n<p>8.10.2019 \u2013 Lublin, Filharmonia Lubelska<br \/>\nBilety: <a href=\"http:\/\/www.filharmonialubelska.pl\">www.filharmonialubelska.pl<\/a>, kasy Filharmonii Lubelskiej<\/p>\n<p>9.10.2019 \u2013 Katowice, NOSPR<br \/>\nBilety: <a href=\"http:\/\/www.eventim.pl\">www.eventim.pl<\/a>, <a href=\"http:\/\/www.kupbilet.pl\">www.kupbilet.pl<\/a>, <a href=\"http:\/\/www.nospr.org.pl\">www.nospr.org.pl<\/a>, kasy NOSPR<\/p>\n<p>13.10.2019 \u2013 Szczecin, Filharmonia im. M. Kar\u0142owicza \u2013 bilety wyprzedane<\/p>\n<p>15.10.2019 \u2013 Gda\u0144sk, Filharmonia Ba\u0142tycka<br \/>\nBilety: <a href=\"http:\/\/www.filharmonia.gda.pl\">www.filharmonia.gda.pl<\/a>, kasy Filharmonii Ba\u0142tyckiej<\/p>\n","protected":false},"excerpt":{"rendered":"<p>Leszek Mo\u017cd\u017cer, Tia Fuller i Lars Danielsson ruszaj\u0105 w tras\u0119 z projektem Symphosphere! Jesieni\u0105 us\u0142yszymy ich w Warszawie, Lublinie, Katowicach, Szczecinie i Gda\u0144sku. Artystom towarzyszy\u0107 b\u0119dzie&#8230;<\/p>\n","protected":false},"author":1,"featured_media":7585,"comment_status":"open","ping_status":"open","sticky":false,"template":"","format":"standard","meta":[],"categories":[1],"tags":[],"_links":{"self":[{"href":"https:\/\/mozdzer.com\/pl\/wp-json\/wp\/v2\/posts\/7584"}],"collection":[{"href":"https:\/\/mozdzer.com\/pl\/wp-json\/wp\/v2\/posts"}],"about":[{"href":"https:\/\/mozdzer.com\/pl\/wp-json\/wp\/v2\/types\/post"}],"author":[{"embeddable":true,"href":"https:\/\/mozdzer.com\/pl\/wp-json\/wp\/v2\/users\/1"}],"replies":[{"embeddable":true,"href":"https:\/\/mozdzer.com\/pl\/wp-json\/wp\/v2\/comments?post=7584"}],"version-history":[{"count":3,"href":"https:\/\/mozdzer.com\/pl\/wp-json\/wp\/v2\/posts\/7584\/revisions"}],"predecessor-version":[{"id":7588,"href":"https:\/\/mozdzer.com\/pl\/wp-json\/wp\/v2\/posts\/7584\/revisions\/7588"}],"wp:featuredmedia":[{"embeddable":true,"href":"https:\/\/mozdzer.com\/pl\/wp-json\/wp\/v2\/media\/7585"}],"wp:attachment":[{"href":"https:\/\/mozdzer.com\/pl\/wp-json\/wp\/v2\/media?parent=7584"}],"wp:term":[{"taxonomy":"category","embeddable":true,"href":"https:\/\/mozdzer.com\/pl\/wp-json\/wp\/v2\/categories?post=7584"},{"taxonomy":"post_tag","embeddable":true,"href":"https:\/\/mozdzer.com\/pl\/wp-json\/wp\/v2\/tags?post=7584"}],"curies":[{"name":"wp","href":"https:\/\/api.w.org\/{rel}","templated":true}]}}