{"id":8077,"date":"2021-10-04T17:20:04","date_gmt":"2021-10-04T15:20:04","guid":{"rendered":"https:\/\/mozdzer.com\/?p=8077\/"},"modified":"2021-10-04T17:55:47","modified_gmt":"2021-10-04T15:55:47","slug":"premiera-koncertowa-plyty-just-ignore-it","status":"publish","type":"post","link":"https:\/\/mozdzer.com\/pl\/premiera-koncertowa-plyty-just-ignore-it\/","title":{"rendered":"Premiera koncertowa p\u0142yty &#8222;JUST IGNORE IT&#8221;"},"content":{"rendered":"<div class=\"kvgmc6g5 cxmmr5t8 oygrvhab hcukyx3x c1et5uql ii04i59q\">\n<div dir=\"auto\">PREMIERA KONCERTOWA P\u0141YTY \u201eJUST IGNORE IT\u201d<\/div>\n<div dir=\"auto\"><\/div>\n<\/div>\n<div class=\"o9v6fnle cxmmr5t8 oygrvhab hcukyx3x c1et5uql ii04i59q\">\n<div dir=\"auto\">16.10.2021 \u2013 Teatr Wielki \u2013 Opera Narodowa, godz. 19:00<\/div>\n<\/div>\n<div class=\"o9v6fnle cxmmr5t8 oygrvhab hcukyx3x c1et5uql ii04i59q\">\n<div dir=\"auto\"><\/div>\n<div dir=\"auto\">Leszek Mo\u017cd\u017cer wraz z towarzyszeniem Patrycji Betley oraz Orkiestry Warszawskiej Opery Kameralnej MACV zaprezentuj\u0105 utwory z nowej p\u0142yty Mo\u017cd\u017cer Danielsson Fresco &amp; Holland Baroque.<\/div>\n<\/div>\n<div class=\"o9v6fnle cxmmr5t8 oygrvhab hcukyx3x c1et5uql ii04i59q\">\n<div dir=\"auto\"><\/div>\n<div dir=\"auto\">P\u0142yta \u201eJust Ignore it\u201d w sklepach ju\u017c od 16.10.2021<\/div>\n<\/div>\n<div class=\"o9v6fnle cxmmr5t8 oygrvhab hcukyx3x c1et5uql ii04i59q\">\n<div dir=\"auto\"><\/div>\n<div dir=\"auto\">Bilety: <a class=\"oajrlxb2 g5ia77u1 qu0x051f esr5mh6w e9989ue4 r7d6kgcz rq0escxv nhd2j8a9 nc684nl6 p7hjln8o kvgmc6g5 cxmmr5t8 oygrvhab hcukyx3x jb3vyjys rz4wbd8a qt6c0cv9 a8nywdso i1ao9s8h esuyzwwr f1sip0of lzcic4wl py34i1dx gpro0wi8\" tabindex=\"0\" role=\"link\" href=\"https:\/\/tinyurl.com\/JustIgnoreIt?fbclid=IwAR1Ptkm9oiuy0OdxMPA3Ys_4y2zWDxyFnQj6laFTrRF4Q0ljdrXqWuBDX6E\" target=\"_blank\" rel=\"nofollow noopener\">https:\/\/tinyurl.com\/JustIgnoreIt<\/a><\/div>\n<\/div>\n<div class=\"o9v6fnle cxmmr5t8 oygrvhab hcukyx3x c1et5uql ii04i59q\">\n<div dir=\"auto\"><\/div>\n<div dir=\"auto\">Do wst\u0119pu na koncert upowa\u017cniaj\u0105 bilety zakupione w 2020 roku na koncert Mo\u017cd\u017cer Danielsson Fresco &amp; Holland Baroque w Warszawie.<\/div>\n<\/div>\n","protected":false},"excerpt":{"rendered":"<p>PREMIERA KONCERTOWA P\u0141YTY \u201eJUST IGNORE IT\u201d 16.10.2021 \u2013 Teatr Wielki \u2013 Opera Narodowa, godz. 19:00 Leszek Mo\u017cd\u017cer wraz z towarzyszeniem Patrycji Betley oraz Orkiestry Warszawskiej Opery&#8230;<\/p>\n","protected":false},"author":1,"featured_media":8087,"comment_status":"open","ping_status":"open","sticky":false,"template":"","format":"standard","meta":[],"categories":[1],"tags":[],"_links":{"self":[{"href":"https:\/\/mozdzer.com\/pl\/wp-json\/wp\/v2\/posts\/8077"}],"collection":[{"href":"https:\/\/mozdzer.com\/pl\/wp-json\/wp\/v2\/posts"}],"about":[{"href":"https:\/\/mozdzer.com\/pl\/wp-json\/wp\/v2\/types\/post"}],"author":[{"embeddable":true,"href":"https:\/\/mozdzer.com\/pl\/wp-json\/wp\/v2\/users\/1"}],"replies":[{"embeddable":true,"href":"https:\/\/mozdzer.com\/pl\/wp-json\/wp\/v2\/comments?post=8077"}],"version-history":[{"count":3,"href":"https:\/\/mozdzer.com\/pl\/wp-json\/wp\/v2\/posts\/8077\/revisions"}],"predecessor-version":[{"id":8081,"href":"https:\/\/mozdzer.com\/pl\/wp-json\/wp\/v2\/posts\/8077\/revisions\/8081"}],"wp:featuredmedia":[{"embeddable":true,"href":"https:\/\/mozdzer.com\/pl\/wp-json\/wp\/v2\/media\/8087"}],"wp:attachment":[{"href":"https:\/\/mozdzer.com\/pl\/wp-json\/wp\/v2\/media?parent=8077"}],"wp:term":[{"taxonomy":"category","embeddable":true,"href":"https:\/\/mozdzer.com\/pl\/wp-json\/wp\/v2\/categories?post=8077"},{"taxonomy":"post_tag","embeddable":true,"href":"https:\/\/mozdzer.com\/pl\/wp-json\/wp\/v2\/tags?post=8077"}],"curies":[{"name":"wp","href":"https:\/\/api.w.org\/{rel}","templated":true}]}}