{"id":8141,"date":"2022-05-31T22:43:51","date_gmt":"2022-05-31T20:43:51","guid":{"rendered":"https:\/\/mozdzer.com\/?p=8141\/"},"modified":"2022-05-31T22:55:07","modified_gmt":"2022-05-31T20:55:07","slug":"12-enter-enea-festiwal","status":"publish","type":"post","link":"https:\/\/mozdzer.com\/pl\/12-enter-enea-festiwal\/","title":{"rendered":"12 Enter Enea Festiwal"},"content":{"rendered":"<p>W programie znale\u017ali si\u0119 muzycy z ca\u0142ego \u015bwiata, polskie premiery i specjalne\u00a0wykonania dedykowane publiczno\u015bci zgromadzonej nad Jeziorem Strzeszy\u0144skim.<\/p>\n<p><a href=\"http:\/\/enterfestival.pl\">Enter Enea Festival<\/a> to trzy dni muzycznego spotkania w plenerze Jeziora\u00a0Strzeszy\u0144skiego, w towarzystwie dobranym przez Leszka Mo\u017cd\u017cera, dyrektora\u00a0artystycznego od pierwszej edycji. Festiwal \u0142\u0105czy w sobie bezpretensjonalno\u015b\u0107,\u00a0niezale\u017cno\u015b\u0107 i swobod\u0119, zwi\u0105zan\u0105 z atmosfer\u0105 imprezy plenerowej, z\u00a0ekskluzywno\u015bci\u0105 wynikaj\u0105c\u0105 z kameralnej ilo\u015bci widz\u00f3w i przede wszystkim z listy\u00a0zaproszonych przez Leszka Mo\u017cd\u017cera artyst\u00f3w, kt\u00f3rzy gwarantuj\u0105 publiczno\u015bci\u00a0najwy\u017cszy poziom muzycznych wra\u017ce\u0144.<\/p>\n<p>W tegorocznym programie Enter Enea Festival znalaz\u0142o si\u0119\u00a0wiele muzycznych\u00a0odkry\u0107.\u00a0 Po raz pierwszy w Polsce wyst\u0105pi <a href=\"https:\/\/chassol.bandcamp.com\">Chassol,<\/a> francuski pianista, kompozytor\u00a0muzyki filmowej, kt\u00f3ry nie boi si\u0119 eksperymentowa\u0107 czy si\u0119ga\u0107 w swojej tw\u00f3rczo\u015bci<br \/>\npo muzyk\u0119 pop.\u00a0Jest gwiazd\u0105 mi\u0119dzynarodowych festiwali, m.in. lyo\u0144skiego Nuits\u00a0Sonores czy Kunstenfestivaldesarts w Brukseli. Na scenie nad Jeziorem\u00a0Strzeszy\u0144skim wyst\u0105pi te\u017c\u00a0 francuski muzyk i kompozytor <a href=\"https:\/\/www.hadrienferaud.info\">Hadrien Feraud<\/a>, kt\u00f3ry do<br \/>\nPoznania przyjedzie z autorskim zespo\u0142em 5-ISH. Z p\u00f3\u0142nocy Europy przyjad\u0105 do\u00a0Poznania wirtuozi instrument\u00f3w d\u0119tych: norweski muzyk i kompozytor <a href=\"https:\/\/danielherskedal.com\">Daniel\u00a0Herskedal<\/a> ze swoim kwartetem i uznany fi\u0144ski tr\u0119bacz <a href=\"https:\/\/www.facebook.com\/pohjolaverneri\">Verneri Pohjola.<\/a> W\u015br\u00f3d<br \/>\nzaproszonych tw\u00f3rc\u00f3w nie zabraknie te\u017c kobiet: na scen\u0119 Enter Enea Festival\u00a0powr\u00f3ci <a href=\"https:\/\/www.marialypacheco.de\">Marialy Pacheco<\/a>, kt\u00f3ra wyst\u0119powa\u0142a ju\u017c przed festiwalow\u0105 publiczno\u015bci\u0105 10\u00a0lat temu. Tym razem, powraca w duecie z <a href=\"https:\/\/omarsosa.com\">Omarem Sos\u0105<\/a>, chwil\u0119 po premierze ich<br \/>\nkoncertowego albumu na cztery r\u0119ce pt. \u201cManos\u201d.\u00a0Na zako\u0144czenie Enter Enea Festival zagra po raz pierwszy w Polsce indyjska\u00a0kr\u00f3lowa gitary basowej \u2013 <a href=\"https:\/\/mayones.pl\/page\/mohini-dey-ind\/\">Mohini Dey.<\/a> Wsp\u00f3\u0142pracowa\u0142a z wieloma wybitnymi\u00a0muzykami rodzimej sceny, a \u201cRolling Stone India\u201d opisa\u0142 jej wielokrotne kooperacje\u00a0w\u00a0nast\u0119puj\u0105cy spos\u00f3b: \u201cNiewiele 21-latek mo\u017ce powiedzie\u0107, \u017ce mia\u0142o przyjemno\u015b\u0107\u00a0wsp\u00f3\u0142pracowa\u0107 z takimi geniuszami jak klawiszowiec, Jordan Rudess, trzykrotny\u00a0zdobywca nagrody Grammy, wirtuoz gitary, Steve Vai czy \u015bwietny perkusista Marco\u00a0Minnemann.\u201d Obecnie jest basistk\u0105 w zespole A. R. Rahmana, indyjskiego\u00a0kompozytora muzyki filmowej i prowadzi autorskie projekty w Indiach i w Stanach,\u00a0koncertuj\u0105c na ca\u0142ym \u015bwiecie.\u00a0\u00a0Na koncercie w ramach Enter Enea Festival wraz z\u00a0Mohini Dey go\u015bcinnie wyst\u0105pi Leszek Mo\u017cd\u017cer.\u00a0Festiwal rozpocznie podw\u00f3jny\u00a0wernisa\u017c <a href=\"http:\/\/zawicki.eu\">Marcina Zawickiego<\/a> w ABC Gallery i Visual Park.<\/p>\n<p>Polska scena reprezentowana b\u0119dzie przez <a href=\"https:\/\/www.adambaldych.com\/en\">Adama Ba\u0142dycha<\/a> prezentuj\u0105cego w\u00a0specjalnej ods\u0142onie materia\u0142 z p\u0142yty\u201ePoetry\u201d, w kt\u00f3rym go\u015bcinnie wyst\u0105pi\u0105 Leszek\u00a0Mo\u017cd\u017cer na fortepianie i w\u0142oski wirtuoz tr\u0105bki <a href=\"https:\/\/www.paolofresu.it\">Paolo Fresu<\/a>, oraz projekt\u00a0<a href=\"https:\/\/www.facebook.com\/jazzcontemplations\/\">Chojnacki\/Migu\u0142a<\/a> Contemplations.<\/p>\n<p>Sponsorem tytularnym Enter Enea\u00a0Festival od 8 lat jest firma Enea.<\/p>\n<p>Festiwal realizowany jest dzi\u0119ki wsparciu Urz\u0119du<br \/>\nMiasta Pozna\u0144 oraz Marsza\u0142ka Wojew\u00f3dztwa Wielkopolskiego.<\/p>\n<p>Karnety na Festiwal w sprzeda\u017cy na portalach: <a href=\"https:\/\/goingapp.pl\/wydarzenie\/enter-enea-festival\/czerwiec-2022\">going<\/a>, <a href=\"https:\/\/www.eventim.pl\/artist\/enter-enea-festival\/?affiliate=APL\">eventim.pl<\/a>, <a href=\"https:\/\/www.ebilet.pl\/muzyka\/festiwale\/enter-enea-festival\/\">ebilet.pl<\/a>.<\/p>\n","protected":false},"excerpt":{"rendered":"<p>W programie znale\u017ali si\u0119 muzycy z ca\u0142ego \u015bwiata, polskie premiery i specjalne\u00a0wykonania dedykowane publiczno\u015bci zgromadzonej nad Jeziorem Strzeszy\u0144skim. Enter Enea Festival to trzy dni muzycznego spotkania&#8230;<\/p>\n","protected":false},"author":1,"featured_media":8146,"comment_status":"open","ping_status":"open","sticky":false,"template":"","format":"standard","meta":[],"categories":[1],"tags":[],"_links":{"self":[{"href":"https:\/\/mozdzer.com\/pl\/wp-json\/wp\/v2\/posts\/8141"}],"collection":[{"href":"https:\/\/mozdzer.com\/pl\/wp-json\/wp\/v2\/posts"}],"about":[{"href":"https:\/\/mozdzer.com\/pl\/wp-json\/wp\/v2\/types\/post"}],"author":[{"embeddable":true,"href":"https:\/\/mozdzer.com\/pl\/wp-json\/wp\/v2\/users\/1"}],"replies":[{"embeddable":true,"href":"https:\/\/mozdzer.com\/pl\/wp-json\/wp\/v2\/comments?post=8141"}],"version-history":[{"count":4,"href":"https:\/\/mozdzer.com\/pl\/wp-json\/wp\/v2\/posts\/8141\/revisions"}],"predecessor-version":[{"id":8149,"href":"https:\/\/mozdzer.com\/pl\/wp-json\/wp\/v2\/posts\/8141\/revisions\/8149"}],"wp:featuredmedia":[{"embeddable":true,"href":"https:\/\/mozdzer.com\/pl\/wp-json\/wp\/v2\/media\/8146"}],"wp:attachment":[{"href":"https:\/\/mozdzer.com\/pl\/wp-json\/wp\/v2\/media?parent=8141"}],"wp:term":[{"taxonomy":"category","embeddable":true,"href":"https:\/\/mozdzer.com\/pl\/wp-json\/wp\/v2\/categories?post=8141"},{"taxonomy":"post_tag","embeddable":true,"href":"https:\/\/mozdzer.com\/pl\/wp-json\/wp\/v2\/tags?post=8141"}],"curies":[{"name":"wp","href":"https:\/\/api.w.org\/{rel}","templated":true}]}}