{"id":8204,"date":"2022-07-31T18:02:50","date_gmt":"2022-07-31T16:02:50","guid":{"rendered":"https:\/\/mozdzer.com\/?p=8204\/"},"modified":"2022-07-31T18:04:28","modified_gmt":"2022-07-31T16:04:28","slug":"leszek-mozdzer-solo-na-sali-koncertowej-nowej-miodowej","status":"publish","type":"post","link":"https:\/\/mozdzer.com\/pl\/leszek-mozdzer-solo-na-sali-koncertowej-nowej-miodowej\/","title":{"rendered":"Leszek Mo\u017cd\u017cer Solo na Sali koncertowej Nowej Miodowej"},"content":{"rendered":"<p>Leszek Mo\u017cd\u017cer Solo &#8211; niepowtarzalna okazja na do\u015bwiadczenie szczeg\u00f3lnej blisko\u015bci artysty oraz d\u017awi\u0119ku dzi\u0119ki akustycznej wyj\u0105tkowo\u015bci sali @nowamiodowa. Zaprojektowana przez autor\u00f3w najlepszych sal koncertowych na \u015bwiecie (Yasuhisa Toyota, Tomasz Konior i Konior Studio) stanowi elitarne miejsce dla mi\u0142o\u015bnik\u00f3w odbioru muzyki i d\u017awi\u0119ku na najwy\u017cszym poziomie. Kameralny koncert &#8211; \u00a0tylko 305. Leszek Mo\u017cd\u017cer Solo &#8211; niepowtarzalna okazja na do\u015bwiadczenie szczeg\u00f3lnej blisko\u015bci artysty oraz d\u017awi\u0119ku dzi\u0119ki akustycznej wyj\u0105tkowo\u015bci sali Nowa Miodowa. Zaprojektowana przez autor\u00f3w najlepszych sal koncertowych na \u015bwiecie (Yasuhisa Toyota, Tomasz Konior i Konior Studio) stanowi elitarne miejsce dla mi\u0142o\u015bnik\u00f3w odbioru muzyki i d\u017awi\u0119ku na najwy\u017cszym poziomie. Kameralny koncert &#8211; \u00a0tylko 305 miejsc! &#8211; odb\u0119dzie si\u0119 3 wrze\u015bnia o godzinie 20:00 Sprzeda\u017c bilet\u00f3w rusza 2 sierpnia we wtorek o godzinie 12:34 na stronie @<a href=\"http:\/\/kupbilecik.pl\/\" target=\"_blank\" rel=\"noopener\" data-saferedirecturl=\"https:\/\/www.google.com\/url?q=http:\/\/kupbilecik.pl&amp;source=gmail&amp;ust=1659369293735000&amp;usg=AOvVaw1QectUO_YpOZ15FzElVZv1\">kupbilecik.pl<\/a><\/p>\n","protected":false},"excerpt":{"rendered":"<p>Leszek Mo\u017cd\u017cer Solo &#8211; niepowtarzalna okazja na do\u015bwiadczenie szczeg\u00f3lnej blisko\u015bci artysty oraz d\u017awi\u0119ku dzi\u0119ki akustycznej wyj\u0105tkowo\u015bci sali @nowamiodowa. Zaprojektowana przez autor\u00f3w najlepszych sal koncertowych na \u015bwiecie&#8230;<\/p>\n","protected":false},"author":1,"featured_media":8206,"comment_status":"open","ping_status":"open","sticky":false,"template":"","format":"standard","meta":[],"categories":[1],"tags":[],"_links":{"self":[{"href":"https:\/\/mozdzer.com\/pl\/wp-json\/wp\/v2\/posts\/8204"}],"collection":[{"href":"https:\/\/mozdzer.com\/pl\/wp-json\/wp\/v2\/posts"}],"about":[{"href":"https:\/\/mozdzer.com\/pl\/wp-json\/wp\/v2\/types\/post"}],"author":[{"embeddable":true,"href":"https:\/\/mozdzer.com\/pl\/wp-json\/wp\/v2\/users\/1"}],"replies":[{"embeddable":true,"href":"https:\/\/mozdzer.com\/pl\/wp-json\/wp\/v2\/comments?post=8204"}],"version-history":[{"count":1,"href":"https:\/\/mozdzer.com\/pl\/wp-json\/wp\/v2\/posts\/8204\/revisions"}],"predecessor-version":[{"id":8205,"href":"https:\/\/mozdzer.com\/pl\/wp-json\/wp\/v2\/posts\/8204\/revisions\/8205"}],"wp:featuredmedia":[{"embeddable":true,"href":"https:\/\/mozdzer.com\/pl\/wp-json\/wp\/v2\/media\/8206"}],"wp:attachment":[{"href":"https:\/\/mozdzer.com\/pl\/wp-json\/wp\/v2\/media?parent=8204"}],"wp:term":[{"taxonomy":"category","embeddable":true,"href":"https:\/\/mozdzer.com\/pl\/wp-json\/wp\/v2\/categories?post=8204"},{"taxonomy":"post_tag","embeddable":true,"href":"https:\/\/mozdzer.com\/pl\/wp-json\/wp\/v2\/tags?post=8204"}],"curies":[{"name":"wp","href":"https:\/\/api.w.org\/{rel}","templated":true}]}}